{"id":553,"date":"2015-02-19T16:42:22","date_gmt":"2015-02-19T15:42:22","guid":{"rendered":"https:\/\/www.cobelen.es\/es\/?p=553"},"modified":"2025-11-10T13:37:10","modified_gmt":"2025-11-10T12:37:10","slug":"os-damos-la-bienvenida-a-nuestro-blog","status":"publish","type":"post","link":"https:\/\/www.cobelen.es\/es\/os-damos-la-bienvenida-a-nuestro-blog\/","title":{"rendered":"Os damos la bienvenida a nuestro blog\u2026"},"content":{"rendered":"<p><img loading=\"lazy\" decoding=\"async\" class=\"aligncenter size-full wp-image-556\" src=\"https:\/\/www.cobelen.es\/es\/wp-content\/uploads\/2015\/02\/bienvenida-blog.jpg\" alt=\"bienvenida-blog\" width=\"800\" height=\"424\" srcset=\"https:\/\/www.cobelen.es\/es\/wp-content\/uploads\/2015\/02\/bienvenida-blog.jpg 800w, https:\/\/www.cobelen.es\/es\/wp-content\/uploads\/2015\/02\/bienvenida-blog-300x159.jpg 300w\" sizes=\"(max-width: 800px) 100vw, 800px\" \/><\/p>\n<p>Cobel\u00e9n, dedicado desde hace m\u00e1s de 50 a\u00f1os a la comercializaci\u00f3n de la aceituna de mesa, os quiere dar la bienvenida a su reci\u00e9n estrenada p\u00e1gina web; as\u00ed como a este peque\u00f1o espacio dedicado a las noticias vinculadas con nuestra cooperativa y sector primario.<\/p>\n<p>Este blog nace con el objetivo de convertirse en un nuevo canal de comunicaci\u00f3n con nuestros fieles consumidores y con todas aquellas personas vinculadas de alguna manera con la rama agr\u00f3noma. Aqu\u00ed publicaremos informaciones de inter\u00e9s, relacionadas con la empresa y con sus socios agricultores. Adem\u00e1s, las noticias del sector tendr\u00e1n especial importancia y las recetas, los consejos y la informaci\u00f3n en general tambi\u00e9n tendr\u00e1n siempre cabida en el blog de Cobel\u00e9n.<\/p>\n<p><!--more--><\/p>\n<p>No hay que olvidar que Cobel\u00e9n est\u00e1 ubicado en pleno Aljarafe sevillano, cuna de la aceituna de mesa m\u00e1s popular y reconocida a nivel nacional e internacional: la Manzanilla Fina y la Gordal.<\/p>\n<p>Ambas variedades son las principales en lo que a aceitunas de mesa se refiere, por ese motivo son las que cultivamos a trav\u00e9s de nuestros socios agricultores. La tierra donde estamos y nuestros clientes as\u00ed nos lo permite.<\/p>\n<p>Asimismo, el origen de esta compa\u00f1\u00eda se remonta al a\u00f1o 1961, que fue cuando la Cooperativa Virgen de Bel\u00e9n (Cobel\u00e9n) fue creada. Desde entonces y hasta la actualidad hemos crecido en todos los sentidos. Prueba de ello es que contamos con una producci\u00f3n media de 11 millones de kilos de aceitunas y unas instalaciones que superan los 70.000 metros cuadrados.<\/p>\n<p>Pese a todo lo avanzado y trabajado, hay cosas que nunca cambian y es que seguimos respetando, como el primer d\u00eda, nuestros principios de calidad y garant\u00eda. Estos mismos pilares ser\u00e1n sobre los que se asiente este nuevo proyecto, que hoy se inicia. Esperamos que nos acompa\u00f1\u00e9is en el viaje.<\/p>\n<p>Tambi\u00e9n pod\u00e9is seguir nuestra \u00faltima hora a trav\u00e9s de nuestra p\u00e1gina en Facebook: <a href=\"https:\/\/www.facebook.com\/grupocobelen\" target=\"_blank\" rel=\"noopener noreferrer\">https:\/\/www.facebook.com\/grupocobelen<\/a><\/p>\n<p>\u00a1Os esperamos!<\/p>\n","protected":false},"excerpt":{"rendered":"<p>Cobel\u00e9n, dedicado desde hace m\u00e1s de 50 a\u00f1os a la comercializaci\u00f3n de la aceituna de mesa, os quiere dar la bienvenida a su reci\u00e9n estrenada p\u00e1gina web; as\u00ed como a este peque\u00f1o espacio dedicado a las noticias vinculadas con nuestra cooperativa y sector primario. Este blog nace con el objetivo de convertirse en un nuevo [&hellip;]<\/p>\n","protected":false},"author":27,"featured_media":0,"comment_status":"closed","ping_status":"closed","sticky":false,"template":"","format":"standard","meta":{"_bbp_topic_count":0,"_bbp_reply_count":0,"_bbp_total_topic_count":0,"_bbp_total_reply_count":0,"_bbp_voice_count":0,"_bbp_anonymous_reply_count":0,"_bbp_topic_count_hidden":0,"_bbp_reply_count_hidden":0,"_bbp_forum_subforum_count":0,"footnotes":""},"categories":[14],"tags":[],"class_list":["post-553","post","type-post","status-publish","format-standard","hentry","category-noticias"],"amp_enabled":true,"_links":{"self":[{"href":"https:\/\/www.cobelen.es\/es\/wp-json\/wp\/v2\/posts\/553"}],"collection":[{"href":"https:\/\/www.cobelen.es\/es\/wp-json\/wp\/v2\/posts"}],"about":[{"href":"https:\/\/www.cobelen.es\/es\/wp-json\/wp\/v2\/types\/post"}],"author":[{"embeddable":true,"href":"https:\/\/www.cobelen.es\/es\/wp-json\/wp\/v2\/users\/27"}],"replies":[{"embeddable":true,"href":"https:\/\/www.cobelen.es\/es\/wp-json\/wp\/v2\/comments?post=553"}],"version-history":[{"count":5,"href":"https:\/\/www.cobelen.es\/es\/wp-json\/wp\/v2\/posts\/553\/revisions"}],"predecessor-version":[{"id":2767,"href":"https:\/\/www.cobelen.es\/es\/wp-json\/wp\/v2\/posts\/553\/revisions\/2767"}],"wp:attachment":[{"href":"https:\/\/www.cobelen.es\/es\/wp-json\/wp\/v2\/media?parent=553"}],"wp:term":[{"taxonomy":"category","embeddable":true,"href":"https:\/\/www.cobelen.es\/es\/wp-json\/wp\/v2\/categories?post=553"},{"taxonomy":"post_tag","embeddable":true,"href":"https:\/\/www.cobelen.es\/es\/wp-json\/wp\/v2\/tags?post=553"}],"curies":[{"name":"wp","href":"https:\/\/api.w.org\/{rel}","templated":true}]}}