{"id":2825,"date":"2021-10-18T15:10:09","date_gmt":"2021-10-18T13:10:09","guid":{"rendered":"https:\/\/www.cobelen.es\/es\/?p=2825"},"modified":"2025-11-10T13:34:12","modified_gmt":"2025-11-10T12:34:12","slug":"aceitunas-preciosa-mejor-campana-de-marketing-digital-limitada-en-los-premios-sabor-redondo-2021","status":"publish","type":"post","link":"https:\/\/www.cobelen.es\/es\/aceitunas-preciosa-mejor-campana-de-marketing-digital-limitada-en-los-premios-sabor-redondo-2021\/","title":{"rendered":"Aceitunas Preciosa, mejor campa\u00f1a de marketing digital limitada en los Premios Sabor Redondo 2021"},"content":{"rendered":"<div class=\"kvgmc6g5 cxmmr5t8 oygrvhab hcukyx3x c1et5uql ii04i59q\">\n<div dir=\"auto\">El pasado jueves 14 de octubre nuestras aceitunas Preciosa recibieron el galard\u00f3n a \u00abmejor campa\u00f1a de marketing digital limitada\u00bb en los Premios Sabor Redondo 2021.<\/div>\n<p><img loading=\"lazy\" decoding=\"async\" class=\"aligncenter wp-image-2826 size-full\" src=\"https:\/\/www.cobelen.es\/es\/wp-content\/uploads\/2021\/10\/image004-scaled-e1634562561655.jpg\" alt=\"\" width=\"440\" height=\"782\" \/><\/div>\n<div class=\"o9v6fnle cxmmr5t8 oygrvhab hcukyx3x c1et5uql ii04i59q\">\n<div dir=\"auto\">Ha sido la primera edici\u00f3n organizada por el Consejo Regulador de las <span class=\"nc684nl6\">IGP de las Aceitunas Manzanilla y Gordal de Sevilla<\/span>. En ella, se ha querido premiar a las Envasadoras-Comercializadoras por su esfuerzo en el uso de herramientas de marketing para la innovaci\u00f3n y para el posicionamiento de los productos con Indicaci\u00f3n Geogr\u00e1fica Protegida Aceitunas de Sevilla en el mercado.<\/div>\n<div dir=\"auto\">Adem\u00e1s de nuestra categor\u00eda, se repartieron los galardones a mejor etiquetado y packaging, mejor e-Commerce y mejor campa\u00f1a de marketing digital. \u00a1Enhorabuena a todos los premiados!<\/div>\n<\/div>\n","protected":false},"excerpt":{"rendered":"<p>El pasado jueves 14 de octubre nuestras aceitunas Preciosa recibieron el galard\u00f3n a \u00abmejor campa\u00f1a de marketing digital limitada\u00bb en los Premios Sabor Redondo 2021. Ha sido la primera edici\u00f3n organizada por el Consejo Regulador de las IGP de las Aceitunas Manzanilla y Gordal de Sevilla. En ella, se ha querido premiar a las Envasadoras-Comercializadoras [&hellip;]<\/p>\n","protected":false},"author":357,"featured_media":0,"comment_status":"closed","ping_status":"closed","sticky":false,"template":"","format":"standard","meta":{"_bbp_topic_count":0,"_bbp_reply_count":0,"_bbp_total_topic_count":0,"_bbp_total_reply_count":0,"_bbp_voice_count":0,"_bbp_anonymous_reply_count":0,"_bbp_topic_count_hidden":0,"_bbp_reply_count_hidden":0,"_bbp_forum_subforum_count":0,"footnotes":""},"categories":[14],"tags":[],"class_list":["post-2825","post","type-post","status-publish","format-standard","hentry","category-noticias"],"amp_enabled":true,"_links":{"self":[{"href":"https:\/\/www.cobelen.es\/es\/wp-json\/wp\/v2\/posts\/2825"}],"collection":[{"href":"https:\/\/www.cobelen.es\/es\/wp-json\/wp\/v2\/posts"}],"about":[{"href":"https:\/\/www.cobelen.es\/es\/wp-json\/wp\/v2\/types\/post"}],"author":[{"embeddable":true,"href":"https:\/\/www.cobelen.es\/es\/wp-json\/wp\/v2\/users\/357"}],"replies":[{"embeddable":true,"href":"https:\/\/www.cobelen.es\/es\/wp-json\/wp\/v2\/comments?post=2825"}],"version-history":[{"count":4,"href":"https:\/\/www.cobelen.es\/es\/wp-json\/wp\/v2\/posts\/2825\/revisions"}],"predecessor-version":[{"id":2830,"href":"https:\/\/www.cobelen.es\/es\/wp-json\/wp\/v2\/posts\/2825\/revisions\/2830"}],"wp:attachment":[{"href":"https:\/\/www.cobelen.es\/es\/wp-json\/wp\/v2\/media?parent=2825"}],"wp:term":[{"taxonomy":"category","embeddable":true,"href":"https:\/\/www.cobelen.es\/es\/wp-json\/wp\/v2\/categories?post=2825"},{"taxonomy":"post_tag","embeddable":true,"href":"https:\/\/www.cobelen.es\/es\/wp-json\/wp\/v2\/tags?post=2825"}],"curies":[{"name":"wp","href":"https:\/\/api.w.org\/{rel}","templated":true}]}}