{"id":2815,"date":"2021-09-23T10:43:54","date_gmt":"2021-09-23T08:43:54","guid":{"rendered":"https:\/\/www.cobelen.es\/es\/?p=2815"},"modified":"2025-11-10T13:34:18","modified_gmt":"2025-11-10T12:34:18","slug":"premios-sabor-redondo-igp-aceituna-manzanilla-y-gordal-de-sevilla","status":"publish","type":"post","link":"https:\/\/www.cobelen.es\/es\/premios-sabor-redondo-igp-aceituna-manzanilla-y-gordal-de-sevilla\/","title":{"rendered":"Premios Sabor Redondo (IGP Aceituna Manzanilla y Gordal de Sevilla)"},"content":{"rendered":"<p>En Cobel\u00e9n tenemos la suerte de participar en los premios Sabor Redondo, organizados por la IGP Aceituna Manzanilla y Gordal de Sevilla. Con ellos, la asociaci\u00f3n busca incentivar la excelencia en el desarrollo de la actividad empresarial de sus socios a trav\u00e9s de la digitalizaci\u00f3n comercial de sus marcas y productos. \u00a1Mucha suerte a todos los participantes!<\/p>\n<p><strong>V\u00eddeo IGP Aceituna Manzanilla y Gordal de Sevilla<\/strong><\/p>\n<p><iframe loading=\"lazy\" title=\"Premios Sabor Redondo\" width=\"500\" height=\"281\" src=\"https:\/\/www.youtube.com\/embed\/NbPk7r2xSoA?feature=oembed\" frameborder=\"0\" allow=\"accelerometer; autoplay; clipboard-write; encrypted-media; gyroscope; picture-in-picture; web-share\" referrerpolicy=\"strict-origin-when-cross-origin\" allowfullscreen><\/iframe><\/p>\n<p><strong>V\u00eddeo Cobel\u00e9n<\/strong><\/p>\n<p><iframe loading=\"lazy\" title=\"Cobelen Sept4 VideoAds 02 m\u00fasica3\" width=\"500\" height=\"375\" src=\"https:\/\/www.youtube.com\/embed\/T1Aay8fsy2M?feature=oembed\" frameborder=\"0\" allow=\"accelerometer; autoplay; clipboard-write; encrypted-media; gyroscope; picture-in-picture; web-share\" referrerpolicy=\"strict-origin-when-cross-origin\" allowfullscreen><\/iframe><\/p>\n","protected":false},"excerpt":{"rendered":"<p>En Cobel\u00e9n tenemos la suerte de participar en los premios Sabor Redondo, organizados por la IGP Aceituna Manzanilla y Gordal de Sevilla. Con ellos, la asociaci\u00f3n busca incentivar la excelencia en el desarrollo de la actividad empresarial de sus socios a trav\u00e9s de la digitalizaci\u00f3n comercial de sus marcas y productos. \u00a1Mucha suerte a todos [&hellip;]<\/p>\n","protected":false},"author":357,"featured_media":0,"comment_status":"closed","ping_status":"closed","sticky":false,"template":"","format":"standard","meta":{"_bbp_topic_count":0,"_bbp_reply_count":0,"_bbp_total_topic_count":0,"_bbp_total_reply_count":0,"_bbp_voice_count":0,"_bbp_anonymous_reply_count":0,"_bbp_topic_count_hidden":0,"_bbp_reply_count_hidden":0,"_bbp_forum_subforum_count":0,"footnotes":""},"categories":[14],"tags":[],"class_list":["post-2815","post","type-post","status-publish","format-standard","hentry","category-noticias"],"amp_enabled":true,"_links":{"self":[{"href":"https:\/\/www.cobelen.es\/es\/wp-json\/wp\/v2\/posts\/2815"}],"collection":[{"href":"https:\/\/www.cobelen.es\/es\/wp-json\/wp\/v2\/posts"}],"about":[{"href":"https:\/\/www.cobelen.es\/es\/wp-json\/wp\/v2\/types\/post"}],"author":[{"embeddable":true,"href":"https:\/\/www.cobelen.es\/es\/wp-json\/wp\/v2\/users\/357"}],"replies":[{"embeddable":true,"href":"https:\/\/www.cobelen.es\/es\/wp-json\/wp\/v2\/comments?post=2815"}],"version-history":[{"count":3,"href":"https:\/\/www.cobelen.es\/es\/wp-json\/wp\/v2\/posts\/2815\/revisions"}],"predecessor-version":[{"id":2823,"href":"https:\/\/www.cobelen.es\/es\/wp-json\/wp\/v2\/posts\/2815\/revisions\/2823"}],"wp:attachment":[{"href":"https:\/\/www.cobelen.es\/es\/wp-json\/wp\/v2\/media?parent=2815"}],"wp:term":[{"taxonomy":"category","embeddable":true,"href":"https:\/\/www.cobelen.es\/es\/wp-json\/wp\/v2\/categories?post=2815"},{"taxonomy":"post_tag","embeddable":true,"href":"https:\/\/www.cobelen.es\/es\/wp-json\/wp\/v2\/tags?post=2815"}],"curies":[{"name":"wp","href":"https:\/\/api.w.org\/{rel}","templated":true}]}}